{"id":253,"date":"2014-06-11T01:09:24","date_gmt":"2014-06-10T23:09:24","guid":{"rendered":"http:\/\/martin-reissmann.de\/mr\/?p=253"},"modified":"2020-02-28T13:19:50","modified_gmt":"2020-02-28T12:19:50","slug":"das-straubinger-tagblatt-der-local-hero-in-straubing","status":"publish","type":"post","link":"https:\/\/www.martin-reissmann.de\/mr\/das-straubinger-tagblatt-der-local-hero-in-straubing\/","title":{"rendered":"Das Straubinger Tagblatt &#8211; Local Hero in Straubing?"},"content":{"rendered":"<p><strong>In Straubing ist die Welt noch in Ordnung. Die Tageszeitung Straubinger Tagblatt muss sich um ihre Zukunft keine Sorge machen. Die Auflage ist hoch und die Leser sind zufrieden.<\/strong><\/p>\n<p>Ein Beitrag von Tina Tansek und Martin Rei\u00dfmann f\u00fcr den Medienabend (6.2.2014) der Bayerische Akademie f\u00fcr Fernsehen (BAF).<\/p>\n<figure id=\"attachment_297\" aria-describedby=\"caption-attachment-297\" style=\"width: 620px\" class=\"wp-caption alignleft\"><a href=\"http:\/\/martin-reissmann.de\/mr\/das-straubinger-tagblatt-der-local-hero-in-straubing\/drehtag-in-straubing\/\"><img loading=\"lazy\" decoding=\"async\" class=\"wp-image-297 size-medium\" src=\"http:\/\/martin-reissmann.de\/mr\/wp-content\/uploads\/2014\/06\/Drehtag-in-Straubing-620x350.jpg\" alt=\"Drehtag in Straubing\" width=\"620\" height=\"350\" srcset=\"https:\/\/www.martin-reissmann.de\/mr\/wp-content\/uploads\/2014\/06\/Drehtag-in-Straubing-620x350.jpg 620w, https:\/\/www.martin-reissmann.de\/mr\/wp-content\/uploads\/2014\/06\/Drehtag-in-Straubing-600x338.jpg 600w, https:\/\/www.martin-reissmann.de\/mr\/wp-content\/uploads\/2014\/06\/Drehtag-in-Straubing-300x169.jpg 300w, https:\/\/www.martin-reissmann.de\/mr\/wp-content\/uploads\/2014\/06\/Drehtag-in-Straubing-250x141.jpg 250w, https:\/\/www.martin-reissmann.de\/mr\/wp-content\/uploads\/2014\/06\/Drehtag-in-Straubing-624x352.jpg 624w, https:\/\/www.martin-reissmann.de\/mr\/wp-content\/uploads\/2014\/06\/Drehtag-in-Straubing.jpg 920w\" sizes=\"auto, (max-width: 620px) 100vw, 620px\" \/><\/a><figcaption id=\"caption-attachment-297\" class=\"wp-caption-text\">Drehtag in Straubing mit Tina, Joshua und Max.<\/figcaption><\/figure>\n","protected":false},"excerpt":{"rendered":"<p>In Straubing ist die Welt noch in Ordnung. Die Tageszeitung Straubinger Tagblatt muss sich um ihre Zukunft keine Sorge machen. Die Auflage ist hoch und die Leser sind zufrieden. Ein Beitrag von Tina Tansek und Martin Rei\u00dfmann f\u00fcr den Medienabend (6.2.2014) der Bayerische Akademie f\u00fcr Fernsehen (BAF).<\/p>\n","protected":false},"author":4,"featured_media":0,"comment_status":"open","ping_status":"open","sticky":false,"template":"","format":"standard","meta":{"footnotes":""},"categories":[12],"tags":[37,39,38],"class_list":["post-253","post","type-post","status-publish","format-standard","hentry","category-blog","tag-straubing","tag-straubinger-tagblatt","tag-tageszeitung"],"amp_enabled":true,"_links":{"self":[{"href":"https:\/\/www.martin-reissmann.de\/mr\/wp-json\/wp\/v2\/posts\/253","targetHints":{"allow":["GET"]}}],"collection":[{"href":"https:\/\/www.martin-reissmann.de\/mr\/wp-json\/wp\/v2\/posts"}],"about":[{"href":"https:\/\/www.martin-reissmann.de\/mr\/wp-json\/wp\/v2\/types\/post"}],"author":[{"embeddable":true,"href":"https:\/\/www.martin-reissmann.de\/mr\/wp-json\/wp\/v2\/users\/4"}],"replies":[{"embeddable":true,"href":"https:\/\/www.martin-reissmann.de\/mr\/wp-json\/wp\/v2\/comments?post=253"}],"version-history":[{"count":7,"href":"https:\/\/www.martin-reissmann.de\/mr\/wp-json\/wp\/v2\/posts\/253\/revisions"}],"predecessor-version":[{"id":887,"href":"https:\/\/www.martin-reissmann.de\/mr\/wp-json\/wp\/v2\/posts\/253\/revisions\/887"}],"wp:attachment":[{"href":"https:\/\/www.martin-reissmann.de\/mr\/wp-json\/wp\/v2\/media?parent=253"}],"wp:term":[{"taxonomy":"category","embeddable":true,"href":"https:\/\/www.martin-reissmann.de\/mr\/wp-json\/wp\/v2\/categories?post=253"},{"taxonomy":"post_tag","embeddable":true,"href":"https:\/\/www.martin-reissmann.de\/mr\/wp-json\/wp\/v2\/tags?post=253"}],"curies":[{"name":"wp","href":"https:\/\/api.w.org\/{rel}","templated":true}]}}